{"id":4071,"date":"2018-01-19T09:53:50","date_gmt":"2018-01-19T08:53:50","guid":{"rendered":"http:\/\/www.moritzbastei-ev.org\/wordpress\/?p=4071"},"modified":"2018-01-19T09:53:50","modified_gmt":"2018-01-19T08:53:50","slug":"terminvorverschiebung-der-moritzbastei-e-v-fahrradrallye","status":"publish","type":"post","link":"https:\/\/www.moritzbastei-ev.org\/wordpress\/terminvorverschiebung-der-moritzbastei-e-v-fahrradrallye\/","title":{"rendered":"Terminvorverschiebung der Moritzbastei e.V. Fahrradrallye!"},"content":{"rendered":"<div id=\"js_ac\" class=\"_5pbx userContent _3576\" data-ft=\"{&quot;tn&quot;:&quot;K&quot;}\">\n<p>Was sollen wir sagen &#8230; der DFB hat angerufen! Und uns gefragt, ob wir nicht eventuell und ausnahmsweise unsere Fahrradrallye verschieben k\u00f6nnen, da am urspr\u00fcnglich geplanten Termin (23. Juni) irgendein Fu\u00dfballspiel stattfindet. Das schien so wichtig zu sein, dass nach einem gewissen Herrn Grindel auch noch ein &#8222;Jogi&#8220; anrief. Den kannten sogar wir. Und weil wir nicht so sind, haben wir &#8222;ok&#8220; gesagt. Jetzt k\u00f6nnen die also spielen und alle k\u00f6nnen zuschauen und wir starten einfach an einem anderen Samstag. So einfach ist das manchmal.<\/p>\n<p>Also bitte z\u00fcckt flink Stift und Kalender und tragt Euch den neuen Termin ein. Die Planungen laufen und der VVK startet am 04. April! Wir freuen uns auf Euch. Am 09. Juni 2018!<\/p>\n<p><img data-recalc-dims=\"1\" loading=\"lazy\" decoding=\"async\" class=\"alignnone  wp-image-4060\" src=\"https:\/\/i0.wp.com\/www.moritzbastei-ev.org\/wordpress\/wp-content\/uploads\/2018\/01\/4059_image_26758544_10156671440551988_2686356356442162143_o-300x188.jpg?resize=439%2C279&#038;ssl=1\" alt=\"\" width=\"439\" height=\"279\" \/><\/p>\n<\/div>\n","protected":false},"excerpt":{"rendered":"<p>Was sollen wir sagen &#8230; der DFB hat angerufen! Und uns gefragt, ob wir nicht eventuell und ausnahmsweise unsere Fahrradrallye verschieben k\u00f6nnen, da am urspr\u00fcnglich geplanten Termin (23. Juni) irgendein [&hellip;]<\/p>\n","protected":false},"author":16,"featured_media":0,"comment_status":"open","ping_status":"open","sticky":false,"template":"","format":"standard","meta":{"jetpack_post_was_ever_published":false,"_jetpack_newsletter_access":"","_jetpack_dont_email_post_to_subs":false,"_jetpack_newsletter_tier_id":0,"_jetpack_memberships_contains_paywalled_content":false,"_jetpack_memberships_contains_paid_content":false,"footnotes":""},"categories":[1],"tags":[],"class_list":["post-4071","post","type-post","status-publish","format-standard","hentry","category-uncategorized"],"jetpack_featured_media_url":"","jetpack_shortlink":"https:\/\/wp.me\/p8ss7N-13F","jetpack-related-posts":[],"jetpack_sharing_enabled":true,"_links":{"self":[{"href":"https:\/\/www.moritzbastei-ev.org\/wordpress\/wp-json\/wp\/v2\/posts\/4071","targetHints":{"allow":["GET"]}}],"collection":[{"href":"https:\/\/www.moritzbastei-ev.org\/wordpress\/wp-json\/wp\/v2\/posts"}],"about":[{"href":"https:\/\/www.moritzbastei-ev.org\/wordpress\/wp-json\/wp\/v2\/types\/post"}],"author":[{"embeddable":true,"href":"https:\/\/www.moritzbastei-ev.org\/wordpress\/wp-json\/wp\/v2\/users\/16"}],"replies":[{"embeddable":true,"href":"https:\/\/www.moritzbastei-ev.org\/wordpress\/wp-json\/wp\/v2\/comments?post=4071"}],"version-history":[{"count":1,"href":"https:\/\/www.moritzbastei-ev.org\/wordpress\/wp-json\/wp\/v2\/posts\/4071\/revisions"}],"predecessor-version":[{"id":4072,"href":"https:\/\/www.moritzbastei-ev.org\/wordpress\/wp-json\/wp\/v2\/posts\/4071\/revisions\/4072"}],"wp:attachment":[{"href":"https:\/\/www.moritzbastei-ev.org\/wordpress\/wp-json\/wp\/v2\/media?parent=4071"}],"wp:term":[{"taxonomy":"category","embeddable":true,"href":"https:\/\/www.moritzbastei-ev.org\/wordpress\/wp-json\/wp\/v2\/categories?post=4071"},{"taxonomy":"post_tag","embeddable":true,"href":"https:\/\/www.moritzbastei-ev.org\/wordpress\/wp-json\/wp\/v2\/tags?post=4071"}],"curies":[{"name":"wp","href":"https:\/\/api.w.org\/{rel}","templated":true}]}}