{"id":2573,"date":"2017-07-06T14:25:56","date_gmt":"2017-07-06T12:25:56","guid":{"rendered":"http:\/\/www.moritzbastei-ev.org\/wordpress\/?p=2573"},"modified":"2017-07-11T08:18:00","modified_gmt":"2017-07-11T06:18:00","slug":"moritzkonzert-mit-gioebia-am-16-juli","status":"publish","type":"post","link":"https:\/\/www.moritzbastei-ev.org\/wordpress\/moritzkonzert-mit-gioebia-am-16-juli\/","title":{"rendered":"MoritzKonzert mit GI\u00d6BIA am 16. Juli!"},"content":{"rendered":"<p>Wir freuen uns, f\u00fcr euch diesen Sommer auch noch ein Konzert in der MB zu veranstalten! Kommt zahlreich &#8211; das wird fein \ud83d\ude42<\/p>\n<p><span class=\"_4n-j _3cht fsl\" data-testid=\"event-permalink-details\">\u00dcber die letzten Jahre waren <a href=\"https:\/\/www.facebook.com\/giobiaband\" target=\"_blank\" rel=\"noopener\" data-hovercard=\"\/ajax\/hovercard\/event.php?id=1574006805951126&amp;extragetparams=%7B%22source%22%3A1%2C%22page_id_source%22%3A605770412958845%2C%22action_history%22%3A%22%5B%7B%5C%22surface%5C%22%3A%5C%22page%5C%22%2C%5C%22mechanism%5C%22%3A%5C%22main_list%5C%22%2C%5C%22extra_data%5C%22%3A%5C%22%7B%5C%5C%5C%22page_id%5C%5C%5C%22%3A605770412958845%2C%5C%5C%5C%22tour_id%5C%5C%5C%22%3Anull%7D%5C%22%7D%2C%7B%5C%22surface%5C%22%3A%5C%22permalink%5C%22%2C%5C%22mechanism%5C%22%3A%5C%22surface%5C%22%2C%5C%22extra_data%5C%22%3A%5B%5D%7D%5D%22%2C%22has_source%22%3Atrue%2C%22directed_target_id%22%3A1574006805951126%7D\" data-hovercard-prefer-more-content-show=\"1\"><span style=\"color: #0000ff;\">Gi\u00f6bia<\/span><\/a> eine der einflussreichsten psychedelischen Bands Europas. Verf\u00fchrerisch, wie ein LSD-Trip der 60er Jahre, gespickt mit exotischen Mantras beschw\u00f6ren die Mail\u00e4nder den ganzen Facettenreichtum des Space Rock. Die vier Bandmitglieder eint die Mission jede akustische Begegnung in eine psychedelische Erfahrung zu verwandeln. S<\/span><span lang=\"EN-US\" xml:lang=\"EN-US\">ie zelebrieren authentischen Underground-Psychedelic mit Shoegaze-Anleihen. Neben dem klassischen Rockinstrumentarium kommen Sitars, alte Orgeln und Synthesizer mi vielen Effekten zum Einsatz. <\/span><span class=\"_4n-j _3cht fsl\" data-testid=\"event-permalink-details\">Der Name Gi\u00f6bia leitet sich \u00fcbrigens von einem vorchristlichen Brauch Norditaliens ab, bei dem eine riesige Strohpuppe, welche eine Hexe symbolisiert, zur Bes\u00e4nftigung der Naturgewalten verbrannt wird.<\/span><\/p>\n<p><span class=\"text_exposed_show\">Vorband: <span style=\"color: #0000ff;\"><a href=\"https:\/\/www.facebook.com\/Vitch-Luver-330488314038434\/\" target=\"_blank\" rel=\"noopener\" data-hovercard=\"\/ajax\/hovercard\/page.php?id=330488314038434&amp;extragetparams=%7B%22directed_target_id%22%3A1574006805951126%7D\" data-hovercard-prefer-more-content-show=\"1\">Vitch Luver<\/a><\/span>. Der in LE City geborene Musiker, Punk und Avantgardist zeigt sich als das Cham\u00e4leon der west-leipziger Undergroundszene und scharte eines Tages die Cr\u00e8me de la Cr\u00e8me der lokalen Psychedelic Musiker um sich, um poetisch sph\u00e4rische Songs \u00fcber das Lieben, Leben und Sterben in den zuweilen d\u00fcsteren, aber auch schrill bunten Stra\u00dfen der Metropole zu berichten.<\/span><\/p>\n<p>Einlass: 19.00 Uhr!<br \/>\nBeginn: 20.00 Uhr!<\/p>\n<p>AK\/ Erm\u00e4\u00dfigt: 9,00 \u20ac \/ 8,00 \u20ac<\/p>\n<p><img data-recalc-dims=\"1\" loading=\"lazy\" decoding=\"async\" data-attachment-id=\"2547\" data-permalink=\"https:\/\/www.moritzbastei-ev.org\/wordpress\/gioebia-5\/\" data-orig-file=\"https:\/\/i0.wp.com\/www.moritzbastei-ev.org\/wordpress\/wp-content\/uploads\/2017\/06\/2546_image_19275250_742429485959603_5755677484399702864_n.jpg?fit=567%2C567&amp;ssl=1\" data-orig-size=\"567,567\" data-comments-opened=\"1\" data-image-meta=\"{&quot;aperture&quot;:&quot;0&quot;,&quot;credit&quot;:&quot;&quot;,&quot;camera&quot;:&quot;&quot;,&quot;caption&quot;:&quot;&quot;,&quot;created_timestamp&quot;:&quot;0&quot;,&quot;copyright&quot;:&quot;&quot;,&quot;focal_length&quot;:&quot;0&quot;,&quot;iso&quot;:&quot;0&quot;,&quot;shutter_speed&quot;:&quot;0&quot;,&quot;title&quot;:&quot;&quot;,&quot;orientation&quot;:&quot;0&quot;}\" data-image-title=\"Gi\u00f6bia\" data-image-description=\"\" data-image-caption=\"\" data-large-file=\"https:\/\/i0.wp.com\/www.moritzbastei-ev.org\/wordpress\/wp-content\/uploads\/2017\/06\/2546_image_19275250_742429485959603_5755677484399702864_n.jpg?fit=567%2C567&amp;ssl=1\" class=\"alignnone size-medium wp-image-2547\" src=\"https:\/\/i0.wp.com\/www.moritzbastei-ev.org\/wordpress\/wp-content\/uploads\/2017\/06\/2546_image_19275250_742429485959603_5755677484399702864_n.jpg?resize=300%2C300&#038;ssl=1\" alt=\"Die Mail\u00e4nder Band GI\u00d6BIA\" width=\"300\" height=\"300\" srcset=\"https:\/\/i0.wp.com\/www.moritzbastei-ev.org\/wordpress\/wp-content\/uploads\/2017\/06\/2546_image_19275250_742429485959603_5755677484399702864_n.jpg?resize=300%2C300&amp;ssl=1 300w, https:\/\/i0.wp.com\/www.moritzbastei-ev.org\/wordpress\/wp-content\/uploads\/2017\/06\/2546_image_19275250_742429485959603_5755677484399702864_n.jpg?resize=150%2C150&amp;ssl=1 150w, https:\/\/i0.wp.com\/www.moritzbastei-ev.org\/wordpress\/wp-content\/uploads\/2017\/06\/2546_image_19275250_742429485959603_5755677484399702864_n.jpg?w=567&amp;ssl=1 567w\" sizes=\"auto, (max-width: 300px) 100vw, 300px\" \/><\/p>\n","protected":false},"excerpt":{"rendered":"<p>Wir freuen uns, f\u00fcr euch diesen Sommer auch noch ein Konzert in der MB zu veranstalten! Kommt zahlreich &#8211; das wird fein \ud83d\ude42 \u00dcber die letzten Jahre waren Gi\u00f6bia eine [&hellip;]<\/p>\n","protected":false},"author":16,"featured_media":2547,"comment_status":"open","ping_status":"open","sticky":false,"template":"","format":"standard","meta":{"jetpack_post_was_ever_published":false,"_jetpack_newsletter_access":"","_jetpack_dont_email_post_to_subs":false,"_jetpack_newsletter_tier_id":0,"_jetpack_memberships_contains_paywalled_content":false,"_jetpack_memberships_contains_paid_content":false,"footnotes":""},"categories":[8],"tags":[35],"class_list":["post-2573","post","type-post","status-publish","format-standard","has-post-thumbnail","hentry","category-hpbeitrag","tag-konzert"],"jetpack_featured_media_url":"https:\/\/i0.wp.com\/www.moritzbastei-ev.org\/wordpress\/wp-content\/uploads\/2017\/06\/2546_image_19275250_742429485959603_5755677484399702864_n.jpg?fit=567%2C567&ssl=1","jetpack_shortlink":"https:\/\/wp.me\/p8ss7N-Fv","jetpack-related-posts":[],"jetpack_sharing_enabled":true,"_links":{"self":[{"href":"https:\/\/www.moritzbastei-ev.org\/wordpress\/wp-json\/wp\/v2\/posts\/2573","targetHints":{"allow":["GET"]}}],"collection":[{"href":"https:\/\/www.moritzbastei-ev.org\/wordpress\/wp-json\/wp\/v2\/posts"}],"about":[{"href":"https:\/\/www.moritzbastei-ev.org\/wordpress\/wp-json\/wp\/v2\/types\/post"}],"author":[{"embeddable":true,"href":"https:\/\/www.moritzbastei-ev.org\/wordpress\/wp-json\/wp\/v2\/users\/16"}],"replies":[{"embeddable":true,"href":"https:\/\/www.moritzbastei-ev.org\/wordpress\/wp-json\/wp\/v2\/comments?post=2573"}],"version-history":[{"count":8,"href":"https:\/\/www.moritzbastei-ev.org\/wordpress\/wp-json\/wp\/v2\/posts\/2573\/revisions"}],"predecessor-version":[{"id":2596,"href":"https:\/\/www.moritzbastei-ev.org\/wordpress\/wp-json\/wp\/v2\/posts\/2573\/revisions\/2596"}],"wp:featuredmedia":[{"embeddable":true,"href":"https:\/\/www.moritzbastei-ev.org\/wordpress\/wp-json\/wp\/v2\/media\/2547"}],"wp:attachment":[{"href":"https:\/\/www.moritzbastei-ev.org\/wordpress\/wp-json\/wp\/v2\/media?parent=2573"}],"wp:term":[{"taxonomy":"category","embeddable":true,"href":"https:\/\/www.moritzbastei-ev.org\/wordpress\/wp-json\/wp\/v2\/categories?post=2573"},{"taxonomy":"post_tag","embeddable":true,"href":"https:\/\/www.moritzbastei-ev.org\/wordpress\/wp-json\/wp\/v2\/tags?post=2573"}],"curies":[{"name":"wp","href":"https:\/\/api.w.org\/{rel}","templated":true}]}}